{"id":4590,"date":"2025-06-15T22:11:46","date_gmt":"2025-06-15T21:11:46","guid":{"rendered":"https:\/\/www.afadomeny.cat\/?p=4590"},"modified":"2025-07-17T22:32:21","modified_gmt":"2025-07-17T21:32:21","slug":"activitats-extraescolars","status":"publish","type":"post","link":"https:\/\/www.afadomeny.cat\/index.php\/2025\/06\/15\/activitats-extraescolars\/","title":{"rendered":"Activitats extraescolars"},"content":{"rendered":"<div class=\"wp-block-image is-style-default\">\n<figure class=\"alignleft\"><a href=\"https:\/\/www.afadomeny.cat\/index.php\/que-fem\/extraescolars\/\"><img loading=\"lazy\" decoding=\"async\" width=\"1280\" height=\"902\" src=\"http:\/\/www.afadomeny.cat\/wp-content\/uploads\/2025\/06\/photo_5942899978248767979_y.jpg\" alt=\"\" class=\"wp-image-4587\" srcset=\"https:\/\/www.afadomeny.cat\/wp-content\/uploads\/2025\/06\/photo_5942899978248767979_y.jpg 1280w, https:\/\/www.afadomeny.cat\/wp-content\/uploads\/2025\/06\/photo_5942899978248767979_y-300x211.jpg 300w, https:\/\/www.afadomeny.cat\/wp-content\/uploads\/2025\/06\/photo_5942899978248767979_y-1024x722.jpg 1024w, https:\/\/www.afadomeny.cat\/wp-content\/uploads\/2025\/06\/photo_5942899978248767979_y-768x541.jpg 768w\" sizes=\"auto, (max-width: 1280px) 100vw, 1280px\" \/><\/a><\/figure>\n<\/div>\n\n\n<p>Des de l\u2019AFA estem creant un projecte inclusiu d&#8217;extraescolars que vol, des de l&#8217;educaci\u00f3 en el lleure, garantir l&#8217;acc\u00e9s i participaci\u00f3 de TOTS els infants de l\u2019escola, trencant barreres i desterrant mites i prejudicis. \u00c9s per aix\u00f2 que demanem el comprom\u00eds directe de les empreses que hi presten servei, estipulant uns m\u00ednims requerits perqu\u00e8 aix\u00f2 es pugui dur a terme. <a href=\"https:\/\/www.afadomeny.cat\/wp-content\/uploads\/2023\/06\/Carta-extraescolars-inclusives.pdf\" target=\"_blank\" rel=\"noopener\">Carta de comprom\u00eds per unes extraescolars inclusives<\/a><\/p>\n\n\n\n<p>Cada activitat est\u00e0 adaptada a l\u2019edat. S&#8217;ofereixen activitats d&#8217;I3 a 6\u00e8.<br><strong>Recordeu que per poder realitzar extraescolars, cal ser soci de l&#8217;AFA.<\/strong><\/p>\n\n\n\n<p>Totes les activitats extraescolars de la nostra AFA han de complir <a href=\"https:\/\/www.afadomeny.cat\/wp-content\/uploads\/2015\/11\/Normativa-Extraescolars.pdf\">aquesta normativa<\/a><\/p>\n\n\n\n<p><a href=\"https:\/\/www.afadomeny.cat\/index.php\/prn_extraescolars\/\" target=\"_blank\" rel=\"noreferrer noopener\"><strong>ACTIVITATS EXTRAESCOLARS CURS 2025-2026<\/strong><\/a><\/p>\n\n\n\n<p><a href=\"https:\/\/docs.google.com\/forms\/d\/1UuELoISkOdQyLndv7edH0PJYKT2VDkADq3skqWv6YB8\/closedform\" target=\"_blank\" rel=\"noreferrer noopener\"><strong>FORMULARI DE PREINSCRIPCIONS<\/strong><\/a><\/p>\n\n\n<div class=\"wp-block-image\">\n<figure class=\"alignleft size-large\"><img loading=\"lazy\" decoding=\"async\" width=\"1024\" height=\"721\" src=\"http:\/\/www.afadomeny.cat\/wp-content\/uploads\/2025\/06\/Graella-extraescolars-v2-1024x721.jpeg\" alt=\"\" class=\"wp-image-4595\" srcset=\"https:\/\/www.afadomeny.cat\/wp-content\/uploads\/2025\/06\/Graella-extraescolars-v2-1024x721.jpeg 1024w, https:\/\/www.afadomeny.cat\/wp-content\/uploads\/2025\/06\/Graella-extraescolars-v2-300x211.jpeg 300w, https:\/\/www.afadomeny.cat\/wp-content\/uploads\/2025\/06\/Graella-extraescolars-v2-768x541.jpeg 768w, https:\/\/www.afadomeny.cat\/wp-content\/uploads\/2025\/06\/Graella-extraescolars-v2-1536x1082.jpeg 1536w, https:\/\/www.afadomeny.cat\/wp-content\/uploads\/2025\/06\/Graella-extraescolars-v2.jpeg 1600w\" sizes=\"auto, (max-width: 1024px) 100vw, 1024px\" \/><\/figure>\n<\/div>","protected":false},"excerpt":{"rendered":"<p>Des de l\u2019AFA estem creant un projecte inclusiu d&#8217;extraescolars que vol, des de l&#8217;educaci\u00f3 en el lleure, garantir l&#8217;acc\u00e9s i participaci\u00f3 de TOTS els infants de l\u2019escola, trencant barreres i desterrant mites i prejudicis. \u00c9s<\/p>\n","protected":false},"author":5,"featured_media":4587,"comment_status":"closed","ping_status":"open","sticky":false,"template":"","format":"standard","meta":{"footnotes":""},"categories":[16,199,1],"tags":[201,33],"class_list":["post-4590","post","type-post","status-publish","format-standard","has-post-thumbnail","hentry","category-comissio-extraescolars","category-curs-2025-2026","category-general","tag-2025-2026","tag-extraescolars"],"_links":{"self":[{"href":"https:\/\/www.afadomeny.cat\/index.php\/wp-json\/wp\/v2\/posts\/4590","targetHints":{"allow":["GET"]}}],"collection":[{"href":"https:\/\/www.afadomeny.cat\/index.php\/wp-json\/wp\/v2\/posts"}],"about":[{"href":"https:\/\/www.afadomeny.cat\/index.php\/wp-json\/wp\/v2\/types\/post"}],"author":[{"embeddable":true,"href":"https:\/\/www.afadomeny.cat\/index.php\/wp-json\/wp\/v2\/users\/5"}],"replies":[{"embeddable":true,"href":"https:\/\/www.afadomeny.cat\/index.php\/wp-json\/wp\/v2\/comments?post=4590"}],"version-history":[{"count":11,"href":"https:\/\/www.afadomeny.cat\/index.php\/wp-json\/wp\/v2\/posts\/4590\/revisions"}],"predecessor-version":[{"id":4655,"href":"https:\/\/www.afadomeny.cat\/index.php\/wp-json\/wp\/v2\/posts\/4590\/revisions\/4655"}],"wp:featuredmedia":[{"embeddable":true,"href":"https:\/\/www.afadomeny.cat\/index.php\/wp-json\/wp\/v2\/media\/4587"}],"wp:attachment":[{"href":"https:\/\/www.afadomeny.cat\/index.php\/wp-json\/wp\/v2\/media?parent=4590"}],"wp:term":[{"taxonomy":"category","embeddable":true,"href":"https:\/\/www.afadomeny.cat\/index.php\/wp-json\/wp\/v2\/categories?post=4590"},{"taxonomy":"post_tag","embeddable":true,"href":"https:\/\/www.afadomeny.cat\/index.php\/wp-json\/wp\/v2\/tags?post=4590"}],"curies":[{"name":"wp","href":"https:\/\/api.w.org\/{rel}","templated":true}]}}