{"id":3855,"date":"2023-03-09T22:09:15","date_gmt":"2023-03-09T21:09:15","guid":{"rendered":"https:\/\/www.afadomeny.cat\/?p=3855"},"modified":"2023-03-15T09:05:13","modified_gmt":"2023-03-15T08:05:13","slug":"nova-linia-bicibus","status":"publish","type":"post","link":"https:\/\/www.afadomeny.cat\/index.php\/2023\/03\/09\/nova-linia-bicibus\/","title":{"rendered":"Nova linia Bicib\u00fas!"},"content":{"rendered":"<p>Creix el Bicib\u00fas. A partir del divendres 17 tenim una nova l\u00ednia per anar de Pont Major a l&#8217;escola amb bicicleta: la l\u00ednia taronja. Aquest \u00e9s el nou recorregut:<\/p>\n<ul>\n<li>C. Riera de Can Camaret \u201cCal Flequer\u201d 8:40<\/li>\n<li>Rotonda Pg. St. Joan Bosco \u201cVeterinari\u201d 8:45<\/li>\n<li>Rotonda Pont de la Barca \u201cCinemes\u201d 8:50<\/li>\n<li>Rambla Xavier Cugat \u201cEstanc\u201d 8:53<\/li>\n<li>Arribada a les escoles 8:56<\/li>\n<\/ul>\n<p><a href=\"https:\/\/www.afadomeny.cat\/wp-content\/uploads\/2023\/03\/bicibus_pontmajor-1.pdf\">Pl\u00e0nol nova linia<\/a>.<\/p>\n<p>Teniu m\u00e9s informaci\u00f3 del Bicib\u00fas <a href=\"https:\/\/www.afadomeny.cat\/index.php\/bicibus\/\">aqui<\/a>, amb informaci\u00f3 de totes les linies i l&#8217;enlla\u00e7 al grup de WhatsApp.<\/p>\n<p>&nbsp;<\/p>\n","protected":false},"excerpt":{"rendered":"<p>Creix el Bicib\u00fas. A partir del divendres 17 tenim una nova l\u00ednia per anar de Pont Major a l&#8217;escola amb bicicleta: la l\u00ednia taronja. Aquest \u00e9s el nou recorregut: C. Riera de Can Camaret \u201cCal<\/p>\n","protected":false},"author":5,"featured_media":3732,"comment_status":"closed","ping_status":"open","sticky":false,"template":"","format":"standard","meta":{"footnotes":""},"categories":[185,180,1],"tags":[181,186],"class_list":["post-3855","post","type-post","status-publish","format-standard","has-post-thumbnail","hentry","category-bicibus","category-curs-2022-2023","category-general","tag-22-23","tag-bicibus"],"_links":{"self":[{"href":"https:\/\/www.afadomeny.cat\/index.php\/wp-json\/wp\/v2\/posts\/3855","targetHints":{"allow":["GET"]}}],"collection":[{"href":"https:\/\/www.afadomeny.cat\/index.php\/wp-json\/wp\/v2\/posts"}],"about":[{"href":"https:\/\/www.afadomeny.cat\/index.php\/wp-json\/wp\/v2\/types\/post"}],"author":[{"embeddable":true,"href":"https:\/\/www.afadomeny.cat\/index.php\/wp-json\/wp\/v2\/users\/5"}],"replies":[{"embeddable":true,"href":"https:\/\/www.afadomeny.cat\/index.php\/wp-json\/wp\/v2\/comments?post=3855"}],"version-history":[{"count":2,"href":"https:\/\/www.afadomeny.cat\/index.php\/wp-json\/wp\/v2\/posts\/3855\/revisions"}],"predecessor-version":[{"id":3862,"href":"https:\/\/www.afadomeny.cat\/index.php\/wp-json\/wp\/v2\/posts\/3855\/revisions\/3862"}],"wp:featuredmedia":[{"embeddable":true,"href":"https:\/\/www.afadomeny.cat\/index.php\/wp-json\/wp\/v2\/media\/3732"}],"wp:attachment":[{"href":"https:\/\/www.afadomeny.cat\/index.php\/wp-json\/wp\/v2\/media?parent=3855"}],"wp:term":[{"taxonomy":"category","embeddable":true,"href":"https:\/\/www.afadomeny.cat\/index.php\/wp-json\/wp\/v2\/categories?post=3855"},{"taxonomy":"post_tag","embeddable":true,"href":"https:\/\/www.afadomeny.cat\/index.php\/wp-json\/wp\/v2\/tags?post=3855"}],"curies":[{"name":"wp","href":"https:\/\/api.w.org\/{rel}","templated":true}]}}