{"id":3722,"date":"2022-09-07T20:32:07","date_gmt":"2022-09-07T19:32:07","guid":{"rendered":"https:\/\/www.afadomeny.cat\/?p=3722"},"modified":"2022-09-07T20:32:07","modified_gmt":"2022-09-07T19:32:07","slug":"vestuari-dintercanvi-aprofitem-la-roba","status":"publish","type":"post","link":"https:\/\/www.afadomeny.cat\/index.php\/2022\/09\/07\/vestuari-dintercanvi-aprofitem-la-roba\/","title":{"rendered":"Vestuari d&#8217;intercanvi: aprofitem la roba"},"content":{"rendered":"<p>Benvolgudes families de Domeny,<\/p>\n<p>&nbsp;<\/p>\n<p>Des de la comissi\u00f3 de vestuari de l\u2019AFA us fem arribar el formulari per tal de sol.licitar la roba del vestuari de l\u2019escola que tenim la comissi\u00f3 per distribuir gratuitament a les families s\u00f2cies. Al formulari hem posat les peces de roba i les talles que disposem i s&#8217;obrir\u00e0 el proper divendres dia 10\/09\/2022 a les 21:00 i es tancar\u00e0 el divendres de la setmana vinent, o sigui el 17\/09\/2022 tambe a les 21:00.<\/p>\n<p>L&#8217;assignaci\u00f3 de les pe\u00e7es es fara per ordre d\u2019entrada del formulari, per la qual cosa us recomanem que feu la sol.licitud quan abans millor, ja que disposem d\u2019un numero limitat de pe\u00e7es. L&#8217;entrega es far\u00e0 al llarg de la setmana del 19 al 23 de setembre, quan les mestres de cada curs entregaran la roba als nens.<\/p>\n<p>Adjuntem l\u2019enlla\u00e7 al formulari:<\/p>\n<p><a style=\"margin-left: 40px;\" href=\"https:\/\/forms.gle\/khuNbiYswkQ12DFw6\">Sol.licitud de vestuari d\u2019intercanvi<\/a><\/p>\n<p>Recordem que per tal de poder accedir a aquest servei que ofereix l\u2019AFA s\u2019ha de ser membre de L\u2019AFA i haver pagat la quota corresponent a aquest curs.<\/p>\n<p>Tamb\u00e9 aprofitem per recordar que i ha un grup de telegram (<a href=\"https:\/\/t.me\/+EBoutBNpRJcxZmY0\">Vestuari segona m\u00e0 Domeny<\/a>) on les fam\u00edlies intercanvien peces del vestuari en des\u00fas per tal d\u2019intercanviar-les amb altres fam\u00edlies de l\u2019escola.<\/p>\n<p>&nbsp;<\/p>\n<p>Salutacions,<\/p>\n<p>&nbsp;<\/p>\n<p>Comissi\u00f3 de vestuari de Domeny<\/p>\n","protected":false},"excerpt":{"rendered":"<p>Benvolgudes families de Domeny, &nbsp; Des de la comissi\u00f3 de vestuari de l\u2019AFA us fem arribar el formulari per tal de sol.licitar la roba del vestuari de l\u2019escola que tenim la comissi\u00f3 per distribuir gratuitament<\/p>\n","protected":false},"author":5,"featured_media":0,"comment_status":"closed","ping_status":"open","sticky":false,"template":"","format":"standard","meta":{"footnotes":""},"categories":[8,180],"tags":[181,182,10],"class_list":["post-3722","post","type-post","status-publish","format-standard","hentry","category-comissio-roba","category-curs-2022-2023","tag-22-23","tag-eco","tag-roba"],"_links":{"self":[{"href":"https:\/\/www.afadomeny.cat\/index.php\/wp-json\/wp\/v2\/posts\/3722","targetHints":{"allow":["GET"]}}],"collection":[{"href":"https:\/\/www.afadomeny.cat\/index.php\/wp-json\/wp\/v2\/posts"}],"about":[{"href":"https:\/\/www.afadomeny.cat\/index.php\/wp-json\/wp\/v2\/types\/post"}],"author":[{"embeddable":true,"href":"https:\/\/www.afadomeny.cat\/index.php\/wp-json\/wp\/v2\/users\/5"}],"replies":[{"embeddable":true,"href":"https:\/\/www.afadomeny.cat\/index.php\/wp-json\/wp\/v2\/comments?post=3722"}],"version-history":[{"count":1,"href":"https:\/\/www.afadomeny.cat\/index.php\/wp-json\/wp\/v2\/posts\/3722\/revisions"}],"predecessor-version":[{"id":3723,"href":"https:\/\/www.afadomeny.cat\/index.php\/wp-json\/wp\/v2\/posts\/3722\/revisions\/3723"}],"wp:attachment":[{"href":"https:\/\/www.afadomeny.cat\/index.php\/wp-json\/wp\/v2\/media?parent=3722"}],"wp:term":[{"taxonomy":"category","embeddable":true,"href":"https:\/\/www.afadomeny.cat\/index.php\/wp-json\/wp\/v2\/categories?post=3722"},{"taxonomy":"post_tag","embeddable":true,"href":"https:\/\/www.afadomeny.cat\/index.php\/wp-json\/wp\/v2\/tags?post=3722"}],"curies":[{"name":"wp","href":"https:\/\/api.w.org\/{rel}","templated":true}]}}